{"id":732,"date":"2024-03-02T07:23:41","date_gmt":"2024-03-02T07:23:41","guid":{"rendered":"https:\/\/rumen.dk\/?p=732"},"modified":"2024-03-02T07:45:19","modified_gmt":"2024-03-02T07:45:19","slug":"fodring-af-goldkoer-kvaegkongressen-2024","status":"publish","type":"post","link":"https:\/\/rumen.dk\/index.php\/2024\/03\/02\/fodring-af-goldkoer-kvaegkongressen-2024\/","title":{"rendered":"Fodring af goldk\u00f8er &#8211; Kv\u00e6gkongressen 2024"},"content":{"rendered":"\n<h2 class=\"wp-block-heading\">Far-OFF foderstyrke &#8211; resultater fra motionsfors\u00f8get<\/h2>\n\n\n\n<p>Sp\u00e6ndende nye resultater om betydningen af foderstyrke i Far- OFF goldperioden. Den velkendte gr\u00e6sbaserede ration med organisk stof ford\u00f8jelighed p\u00e5 65 % er t\u00e6t p\u00e5 optimum, men fors\u00f8get viste at vi nok skal s\u00e6nke foderstyrken i Far-OFF perioden lidt. Der var positiv effekt af laveste energibalance i Far-OFF perioden p\u00e5 foderoptagelsesprofil i Close-UP og umiddelbart efter k\u00e6lvning. Der var ogs\u00e5 positiv tendens for m\u00e6lkeproduktion og fedt \/ protein forholdet i m\u00e6lk efter k\u00e6lvning.<\/p>\n\n\n\n<p><a href=\"https:\/\/rumen.dk\/wp-content\/uploads\/2024\/03\/7_Sadan-pavirker-motion-og-protein-dine-goldkoer_AU.pdf\" data-type=\"link\" data-id=\"https:\/\/rumen.dk\/wp-content\/uploads\/2024\/03\/7_Sadan-pavirker-motion-og-protein-dine-goldkoer_AU.pdf\">Link til pr\u00e6sentationen her<\/a><\/p>\n\n\n\n<h2 class=\"wp-block-heading\">Phase feeding of dry cows &#8211; review and practical guide<\/h2>\n\n\n\n<p>The presentation aim to provide an overview of the fundamental requirements for implementation of a succesful phase feeding program for your dry cows and a guide to phase feeding in practice. The presentation is based on experience with phase feeding under danish conditions since 2017 and several research trials a Aarhus University.<\/p>\n\n\n\n<p>If you have questions or comments direct them to post@rumen.dk<\/p>\n\n\n\n<p><a href=\"https:\/\/rumen.dk\/wp-content\/uploads\/2024\/03\/55_Phasefeeding_dry_cows.pdf\" data-type=\"link\" data-id=\"https:\/\/rumen.dk\/wp-content\/uploads\/2024\/03\/55_Phasefeeding_dry_cows.pdf\">Find the presentation here<\/a> <\/p>\n\n\n\n<figure class=\"wp-block-image size-large\"><img loading=\"lazy\" decoding=\"async\" width=\"1024\" height=\"136\" src=\"https:\/\/rumen.dk\/wp-content\/uploads\/2024\/03\/20230514_100422_red-1024x136.jpg\" alt=\"\" class=\"wp-image-733\" srcset=\"https:\/\/rumen.dk\/wp-content\/uploads\/2024\/03\/20230514_100422_red-1024x136.jpg 1024w, https:\/\/rumen.dk\/wp-content\/uploads\/2024\/03\/20230514_100422_red-300x40.jpg 300w, https:\/\/rumen.dk\/wp-content\/uploads\/2024\/03\/20230514_100422_red-768x102.jpg 768w, https:\/\/rumen.dk\/wp-content\/uploads\/2024\/03\/20230514_100422_red-1536x204.jpg 1536w, https:\/\/rumen.dk\/wp-content\/uploads\/2024\/03\/20230514_100422_red-2048x272.jpg 2048w\" sizes=\"auto, (max-width: 1024px) 100vw, 1024px\" \/><\/figure>\n\n\n\n<h2 class=\"wp-block-heading\">Sp\u00f8rgsm\u00e5l, tvivl eller kommentarer kan deles p\u00e5 Facebook gruppen Kv\u00e6gInfo eller ved henvendelse til post@rumen.dk <\/h2>\n<div class='campos'>","protected":false},"excerpt":{"rendered":"<p>Far-OFF foderstyrke &#8211; resultater fra motionsfors\u00f8get Sp\u00e6ndende nye resultater om betydningen af foderstyrke i Far- OFF goldperioden. Den velkendte gr\u00e6sbaserede ration med organisk stof ford\u00f8jelighed p\u00e5 65 % er t\u00e6t p\u00e5 optimum, men fors\u00f8get viste at vi nok skal s\u00e6nke foderstyrken i Far-OFF perioden lidt. Der var positiv effekt af laveste energibalance i Far-OFF perioden [&hellip;]<\/p>\n","protected":false},"author":1,"featured_media":741,"comment_status":"open","ping_status":"open","sticky":false,"template":"","format":"standard","meta":{"footnotes":""},"categories":[1],"tags":[66,69,48,59],"class_list":["post-732","post","type-post","status-publish","format-standard","has-post-thumbnail","hentry","category-uncategorized","tag-foder","tag-fodring","tag-goldkoer","tag-mineraler"],"_links":{"self":[{"href":"https:\/\/rumen.dk\/index.php\/wp-json\/wp\/v2\/posts\/732","targetHints":{"allow":["GET"]}}],"collection":[{"href":"https:\/\/rumen.dk\/index.php\/wp-json\/wp\/v2\/posts"}],"about":[{"href":"https:\/\/rumen.dk\/index.php\/wp-json\/wp\/v2\/types\/post"}],"author":[{"embeddable":true,"href":"https:\/\/rumen.dk\/index.php\/wp-json\/wp\/v2\/users\/1"}],"replies":[{"embeddable":true,"href":"https:\/\/rumen.dk\/index.php\/wp-json\/wp\/v2\/comments?post=732"}],"version-history":[{"count":5,"href":"https:\/\/rumen.dk\/index.php\/wp-json\/wp\/v2\/posts\/732\/revisions"}],"predecessor-version":[{"id":742,"href":"https:\/\/rumen.dk\/index.php\/wp-json\/wp\/v2\/posts\/732\/revisions\/742"}],"wp:featuredmedia":[{"embeddable":true,"href":"https:\/\/rumen.dk\/index.php\/wp-json\/wp\/v2\/media\/741"}],"wp:attachment":[{"href":"https:\/\/rumen.dk\/index.php\/wp-json\/wp\/v2\/media?parent=732"}],"wp:term":[{"taxonomy":"category","embeddable":true,"href":"https:\/\/rumen.dk\/index.php\/wp-json\/wp\/v2\/categories?post=732"},{"taxonomy":"post_tag","embeddable":true,"href":"https:\/\/rumen.dk\/index.php\/wp-json\/wp\/v2\/tags?post=732"}],"curies":[{"name":"wp","href":"https:\/\/api.w.org\/{rel}","templated":true}]}}